{"id":945,"date":"2025-04-12T18:51:00","date_gmt":"2025-04-12T16:51:00","guid":{"rendered":"https:\/\/www.halle205.de\/blog\/?p=945"},"modified":"2025-04-18T20:31:19","modified_gmt":"2025-04-18T18:31:19","slug":"lernen-und-erfahrungen-sammeln-aus-eigenen-handlungen","status":"publish","type":"post","link":"https:\/\/www.halle205.de\/blog\/2025\/04\/12\/lernen-und-erfahrungen-sammeln-aus-eigenen-handlungen\/","title":{"rendered":"Lernen und Erfahrungen sammeln aus eigenen Handlungen."},"content":{"rendered":"\n<p>Etwas, das uns im modernen Alltag viel zu selten begegnet und das doch so wichtig ist f\u00fcr die Entwicklung auf dem\u00a0<\/p>\n\n\n\n<p class=\"has-text-align-center has-large-font-size\">Weg zum Erwachsenwerden<\/p>\n\n\n\n<p class=\"has-text-align-center has-medium-font-size\">Zweimal in der Woche \u00f6ffnet Halle205 ihre Tore f\u00fcr die \u201eErlebniswerkstatt<\/p>\n\n\n\n<p>Montags und freitags von 16:00 \u2013 18:00 Uhr\u00a0 k\u00f6nnen Kinder und Jugendliche, M\u00e4dchen und Jungen, die aus eigenem Antrieb gerne helfen, reparieren, erfinden und gestalten, hier mitarbeiten.  Ein Smartphone wird nicht ben\u00f6tigt. Alle Arbeiten geschehen analog.<\/p>\n\n\n\n<p>Die Teilnahme kostet 40 \u20ac im Monat. Dieser Beitrag deckt den Materialverbrauch.<br>Anmeldung immer f\u00fcr das Halbjahr: 31.08. oder 28.02. des Jahres.<\/p>\n\n\n\n<p>Jedes Kind\/ Jugendlicher hospitiert erst einmal, damit festgestellt werden kann, ob wir zueinander passen.<br>Es gibt keine Altersvorgaben, da F\u00e4higkeiten und Motivation individuell sind.<br>Ab einer bestimmten Gruppengr\u00f6\u00dfe wird die Aufnahme bis zum Ende des Halbjahres geschlossen. <strong><a href=\"https:\/\/www.halle205.de\/blog\/wp-content\/uploads\/20240122-Halle-205-Bericht-Eerlebniswerkstatt.pdf\">Mehr Information <\/a><\/strong><br><br>Das Anmeldeformular erhalten Sie bei Nachfrage unter: <a href=\"mailto:Erlebnispaedagogik@halle205.de\">Erlebnispaedagogik@halle205.de<\/a><\/p>\n\n\n\n<p><\/p>\n","protected":false},"excerpt":{"rendered":"<p>Etwas, das uns im modernen Alltag viel zu selten begegnet und das doch so wichtig ist f\u00fcr die Entwicklung auf dem\u00a0 Weg zum Erwachsenwerden Zweimal in der Woche \u00f6ffnet Halle205 ihre Tore f\u00fcr die \u201eErlebniswerkstatt Montags und freitags von 16:00 \u2013 18:00 Uhr\u00a0 k\u00f6nnen Kinder und Jugendliche, M\u00e4dchen und Jungen, die aus eigenem Antrieb gerne &hellip; <\/p>\n<p class=\"link-more\"><a href=\"https:\/\/www.halle205.de\/blog\/2025\/04\/12\/lernen-und-erfahrungen-sammeln-aus-eigenen-handlungen\/\" class=\"more-link\"><span class=\"screen-reader-text\">\u201eLernen und Erfahrungen sammeln aus eigenen Handlungen.\u201c<\/span> weiterlesen<\/a><\/p>\n","protected":false},"author":2,"featured_media":932,"comment_status":"closed","ping_status":"closed","sticky":false,"template":"","format":"standard","meta":{"footnotes":""},"categories":[1],"tags":[43,42,44,45,29,41,30],"class_list":["post-945","post","type-post","status-publish","format-standard","has-post-thumbnail","hentry","category-allgemein","tag-arbeit","tag-erfahrung","tag-erlebniswerksatt","tag-jugendliche","tag-kinder","tag-lernen","tag-werkstatt"],"_links":{"self":[{"href":"https:\/\/www.halle205.de\/blog\/wp-json\/wp\/v2\/posts\/945","targetHints":{"allow":["GET"]}}],"collection":[{"href":"https:\/\/www.halle205.de\/blog\/wp-json\/wp\/v2\/posts"}],"about":[{"href":"https:\/\/www.halle205.de\/blog\/wp-json\/wp\/v2\/types\/post"}],"author":[{"embeddable":true,"href":"https:\/\/www.halle205.de\/blog\/wp-json\/wp\/v2\/users\/2"}],"replies":[{"embeddable":true,"href":"https:\/\/www.halle205.de\/blog\/wp-json\/wp\/v2\/comments?post=945"}],"version-history":[{"count":5,"href":"https:\/\/www.halle205.de\/blog\/wp-json\/wp\/v2\/posts\/945\/revisions"}],"predecessor-version":[{"id":965,"href":"https:\/\/www.halle205.de\/blog\/wp-json\/wp\/v2\/posts\/945\/revisions\/965"}],"wp:featuredmedia":[{"embeddable":true,"href":"https:\/\/www.halle205.de\/blog\/wp-json\/wp\/v2\/media\/932"}],"wp:attachment":[{"href":"https:\/\/www.halle205.de\/blog\/wp-json\/wp\/v2\/media?parent=945"}],"wp:term":[{"taxonomy":"category","embeddable":true,"href":"https:\/\/www.halle205.de\/blog\/wp-json\/wp\/v2\/categories?post=945"},{"taxonomy":"post_tag","embeddable":true,"href":"https:\/\/www.halle205.de\/blog\/wp-json\/wp\/v2\/tags?post=945"}],"curies":[{"name":"wp","href":"https:\/\/api.w.org\/{rel}","templated":true}]}}